{"id":920,"date":"2023-05-11T14:16:23","date_gmt":"2023-05-11T14:16:23","guid":{"rendered":"https:\/\/fmujeresprogresistas.org\/enraizadas\/?p=920"},"modified":"2023-05-18T12:31:02","modified_gmt":"2023-05-18T12:31:02","slug":"estudio-sobre-las-mujeres-mayores-de-65-anos-victimas-de-violencia-de-genero","status":"publish","type":"post","link":"https:\/\/fmujeresprogresistas.org\/enraizadas\/estudio-sobre-las-mujeres-mayores-de-65-anos-victimas-de-violencia-de-genero\/","title":{"rendered":"Estudio sobre las Mujeres Mayores de 65 A\u00f1os V\u00edctimas de Violencia de G\u00e9nero"},"content":{"rendered":"\n<p>Autor\u00eda: Delegaci\u00f3n del Gobierno para la Violencia de G\u00e9nero. Este informe ha sido promovido y coordinado por la Delegaci\u00f3n del Gobierno para la Violencia de G\u00e9nero y, realizado por Cruz Roja Espa\u00f1ola (Juan Aycart, Susana Gende y Graciela Malgesini, Silvina Monteros, y Margarita Nebreda) con apoyo de la Universidad Carlos III de Madrid (Pilar Gil, Aurea Gr\u00e1nea y Pilar Romera)<\/p>\n\n\n\n<p>A\u00f1o: 2019<\/p>\n\n\n\n<div data-wp-interactive=\"core\/file\" class=\"wp-block-file\"><object data-wp-bind--hidden=\"!state.hasPdfPreview\" hidden class=\"wp-block-file__embed\" data=\"https:\/\/fmujeresprogresistas.org\/enraizadas\/wp-content\/uploads\/2023\/05\/Estudio_VG_Mayores_65.pdf\" type=\"application\/pdf\" style=\"width:100%;height:600px\" aria-label=\"Incrustado de Estudio_VG_Mayores_65.\"><\/object><a id=\"wp-block-file--media-a7b45e64-0d85-476e-98e6-c55aa25e4dd3\" href=\"https:\/\/fmujeresprogresistas.org\/enraizadas\/wp-content\/uploads\/2023\/05\/Estudio_VG_Mayores_65.pdf\">Estudio_VG_Mayores_65<\/a><a href=\"https:\/\/fmujeresprogresistas.org\/enraizadas\/wp-content\/uploads\/2023\/05\/Estudio_VG_Mayores_65.pdf\" class=\"wp-block-file__button wp-element-button\" download aria-describedby=\"wp-block-file--media-a7b45e64-0d85-476e-98e6-c55aa25e4dd3\">Descarga<\/a><\/div>\n","protected":false},"excerpt":{"rendered":"<p>Autor\u00eda: Delegaci\u00f3n del Gobierno para la Violencia de G\u00e9nero. Este informe ha sido promovido y coordinado por la Delegaci\u00f3n del Gobierno para la Violencia de G\u00e9nero y, realizado por Cruz Roja Espa\u00f1ola (Juan Aycart, Susana Gende y Graciela Malgesini, Silvina Monteros, y Margarita Nebreda) con apoyo de la Universidad Carlos III de Madrid (Pilar Gil,&hellip;&nbsp;<a href=\"https:\/\/fmujeresprogresistas.org\/enraizadas\/estudio-sobre-las-mujeres-mayores-de-65-anos-victimas-de-violencia-de-genero\/\" rel=\"bookmark\">Leer m\u00e1s &raquo;<span class=\"screen-reader-text\">Estudio sobre las Mujeres Mayores de 65 A\u00f1os V\u00edctimas de Violencia de G\u00e9nero<\/span><\/a><\/p>\n","protected":false},"author":1,"featured_media":922,"comment_status":"open","ping_status":"open","sticky":false,"template":"","format":"standard","meta":{"neve_meta_sidebar":"","neve_meta_container":"","neve_meta_enable_content_width":"","neve_meta_content_width":0,"neve_meta_title_alignment":"","neve_meta_author_avatar":"","neve_post_elements_order":"","neve_meta_disable_header":"","neve_meta_disable_footer":"","neve_meta_disable_title":"","neve_meta_reading_time":"","_themeisle_gutenberg_block_has_review":false,"_ti_tpc_template_sync":false,"_ti_tpc_template_id":"","footnotes":""},"categories":[6],"tags":[],"class_list":["post-920","post","type-post","status-publish","format-standard","has-post-thumbnail","hentry","category-recursos"],"_links":{"self":[{"href":"https:\/\/fmujeresprogresistas.org\/enraizadas\/wp-json\/wp\/v2\/posts\/920","targetHints":{"allow":["GET"]}}],"collection":[{"href":"https:\/\/fmujeresprogresistas.org\/enraizadas\/wp-json\/wp\/v2\/posts"}],"about":[{"href":"https:\/\/fmujeresprogresistas.org\/enraizadas\/wp-json\/wp\/v2\/types\/post"}],"author":[{"embeddable":true,"href":"https:\/\/fmujeresprogresistas.org\/enraizadas\/wp-json\/wp\/v2\/users\/1"}],"replies":[{"embeddable":true,"href":"https:\/\/fmujeresprogresistas.org\/enraizadas\/wp-json\/wp\/v2\/comments?post=920"}],"version-history":[{"count":3,"href":"https:\/\/fmujeresprogresistas.org\/enraizadas\/wp-json\/wp\/v2\/posts\/920\/revisions"}],"predecessor-version":[{"id":953,"href":"https:\/\/fmujeresprogresistas.org\/enraizadas\/wp-json\/wp\/v2\/posts\/920\/revisions\/953"}],"wp:featuredmedia":[{"embeddable":true,"href":"https:\/\/fmujeresprogresistas.org\/enraizadas\/wp-json\/wp\/v2\/media\/922"}],"wp:attachment":[{"href":"https:\/\/fmujeresprogresistas.org\/enraizadas\/wp-json\/wp\/v2\/media?parent=920"}],"wp:term":[{"taxonomy":"category","embeddable":true,"href":"https:\/\/fmujeresprogresistas.org\/enraizadas\/wp-json\/wp\/v2\/categories?post=920"},{"taxonomy":"post_tag","embeddable":true,"href":"https:\/\/fmujeresprogresistas.org\/enraizadas\/wp-json\/wp\/v2\/tags?post=920"}],"curies":[{"name":"wp","href":"https:\/\/api.w.org\/{rel}","templated":true}]}}